{"id":139,"date":"2017-10-18T21:24:00","date_gmt":"2017-10-18T19:24:00","guid":{"rendered":"https:\/\/sunlion.de\/wordpress\/2017\/10\/18\/apples-neues-betriebssystem-high-sierra-ist-einfach-so-sooo\/"},"modified":"2017-10-18T21:24:00","modified_gmt":"2017-10-18T19:24:00","slug":"apples-neues-betriebssystem-high-sierra-ist-einfach-so-sooo","status":"publish","type":"post","link":"https:\/\/sunlion.de\/blog\/index.php\/2017\/10\/18\/apples-neues-betriebssystem-high-sierra-ist-einfach-so-sooo\/","title":{"rendered":"Apples neues Betriebssystem High Sierra ist einfach so \u2026 sooo \u2026"},"content":{"rendered":"<p>Von einigen Bekannten werde ich inzwischen schon verst\u00e4ndnislos angeschaut, weil ich auf meinen zahlreichen Macs immer noch das \u201ealte\u201c Lion 10.7 benutze, also sechs Versionen vor <a href=\"http:\/\/sunlions-sonnenseiten.blogspot.de\/search?q=apple+-dubai+-dhl\">Apples<\/a> aktuellster Kreation. Dabei kostet die doch n\u00fcscht!<br \/> &nbsp;&nbsp;&nbsp;&nbsp;&nbsp;Deswegen hab ich High Sierra mal zwei Tage lang getestet und anschlie\u00dfend beschlossen \u2013 ich bleibe bei Lion! Ich kann im Vergleich zu High Sierra zumindest bei den von mir genutzten Programmen Mail, Kalender, Adressbuch und iTunes n\u00e4mlich keine sinnvollen Verbesserungen erkennen. Entweder funktionieren sie noch genauso wie vorher oder schlechter, so wie beispielsweise iTunes. Selbst die brandaktuelle Version, die beim Funktionsumfang wieder deutlich abgespeckt hat und damit weniger \u00fcberladen ist als die Vorg\u00e4nger, kann mit Version 10 einfach nicht mithalten. Die Bedienung ist einfach nur krampfig, das Konzept unlogisch und schlecht durchdacht. Man merkt wirklich bei jedem Mausklick, wie die Programmierer unter Druck standen, auf Teufel komm raus etwas Neues erschaffen zu m\u00fcssen, was halt schwierig ist, wenn man schon etwas nahezu Optimales vor sich hat. Bei der R\u00fcckkehr zu Version 10 merkt man sofort \u2013 ja! Genau das ist es! Die Anordnung der Bedienelemente ist logisch und durchdacht, nichts ist versteckt, die rechte Maustaste mit sinnvollen Funktionen belegt, die verschiedenen Listenansichten mit oder ohne Cover-Bildern sehr praktisch. Vor allem aber macht Cover-Flow noch richtig Spa\u00df, denn im Vollbildmodus sehen die gro\u00dfen Bilder aus wie Plattencover aus der guten, alten Zeit. Unverst\u00e4ndlich, warum Apple so eine Funktion, die bereits fix und fertig funktioniert, einfach wieder entfernt, anstatt dem Anwender die Wahl zu lassen, ob er sie nutzen will oder nicht.<br \/> &nbsp;&nbsp;&nbsp;&nbsp;&nbsp;Andere Programme, die m\u00f6glicherweise verbessert wurden, wie etwa die Foto-App, nutze ich gar nicht, daher kann ich sie nicht beurteilen. Die mit Mountain Lion eingef\u00fchrte Seiteninformationsleiste habe ich noch nie vermisst. Keine Ahnung, wozu die gut sein soll, denn die jeweiligen Apps zeigen ja schon selbst an, wenn sie etwas wollen.<br \/> &nbsp;&nbsp;&nbsp;&nbsp;&nbsp;Die f\u00fcr mich wichtige Kalender-App ist durch den Wegfall der Terminagenda schlechter als fr\u00fcher. Und in der Jahresdarstellung werden keine Termine mehr angezeigt, au\u00dfer man klickt einen Tag an. Im Lion-Kalender sind Tage mit Terminen bereits farbig hervorgehoben, so wei\u00df man immerhin schon mal, wo sich das Draufklicken lohnt und wo nicht.<br \/> &nbsp;&nbsp;&nbsp;&nbsp;&nbsp;\u00dcberhaupt: Diese sinnlose, bl\u00f6de Ausblenderei von Elementen ist die d\u00e4mlichste Idee seit der versteckten Men\u00fcleiste von Windows 7. Das kommt dabei heraus, wenn Designer die Agenda bestimmen d\u00fcrfen! Vermutlich w\u00e4ren die erst so richtig gl\u00fccklich, wenn auf dem Bildschirm nur noch eine wei\u00dfe Fl\u00e4che angezeigt w\u00fcrde, ohne Text und st\u00f6rende, grafische Elemente. Denn nur die w\u00e4re wirklich rein, unschuldig und perfekt! Im Fall der Mail-App w\u00e4re der n\u00e4chste Telefonanruf meiner 81-j\u00e4hrigen Mutter schon wieder \u2013 Achtung, Wortspiel \u2013 vorprogrammiert: \u201eSag mal, Junge, wo ist denn diese Dingens \u2026 \u00e4h, diese \u2026 du wei\u00dft schon \u2026 wo man die Ordner sehen kann?\u201c Was daran sinnvoll sein soll, die Postfachleiste standardm\u00e4\u00dfig auszublenden, das kann mir vermutlich nicht mal ein Apple-Mitarbeiter plausibel erkl\u00e4ren. Und ebenso die Statusleiste.<br \/> &nbsp;&nbsp;&nbsp;&nbsp;&nbsp;Die von Mail getrennten Notizen gibt es bereits seit Mountain Lion, ich gebe zu \u2013 die h\u00e4tte ich gern. Aber daf\u00fcr habe ich inzwischen Evernote installiert, das funktioniert genauso gut und l\u00e4uft auch auf Android und Lion.<br \/> &nbsp;&nbsp;&nbsp;&nbsp;&nbsp;Stattdessen warte ich schon seit Ewigkeiten auf eine Taskleiste am unteren Rand, vergleichbar mit der von Windows. Das durchscheinende Desktop-Foto st\u00f6rt mich n\u00e4mlich beim Arbeiten. Auf so was kommen die Apple-Entwickler aber offenbar nicht von selbst. Au\u00dferdem w\u00e4re es doch eine Neuerung, wenn man endlich mal selbst festlegen k\u00f6nnte, ob man eine graue, schwarze oder bunte Benutzeroberfl\u00e4che haben m\u00f6chte. Warum stellt Apple da nicht mehr M\u00f6glichkeiten bereit? Und die Systemsounds lassen sich bei Windows bereits seit \u00fcber 25 Jahren nahezu frei ver\u00e4ndern. Warum nicht auch bei Apple?<br \/> &nbsp;&nbsp;&nbsp;&nbsp;&nbsp;Insgesamt hat sich das Design meiner Meinung nach verschlechtert. Dieses flache, reduzierte Aussehen, bei dem man Textlinks kaum noch als Knopf zum Draufdr\u00fccken identifizieren kann, die grafisch anspruchslosen Icons, all das hat mich ab Windows 8 und iOS 7 schon genervt. Nur HTC schaffte es noch, das Ganze mit seiner primitiven Sense-Oberfl\u00e4che f\u00fcr Android auf die Spitze zu treiben. Als wenn der minderj\u00e4hrige Nachwuchs der Chefdesigner sich mal ordentlich austoben durfte. Furchtbar! Grau \u2026 en \u2026 haft! Trivialdesign der \u00fcbelsten Sorte! Aber vermutlich war dieser R\u00fcckschritt mal wieder n\u00f6tig, damit man in zehn, f\u00fcnfzehn Jahren den Kunden wieder etwas Neues bieten kann, n\u00e4mlich aufwendiges, pseudodreidimensionales Chic der Extraklasse. Halt so wie bei Lion.<br \/> &nbsp;&nbsp;&nbsp;&nbsp;&nbsp;Ach ja, fast vergessen: Siri! Eben noch hat sie auf meine Anweisung hin zwei Termine eingetragen, was auch einwandfrei funktionierte. Keine zwei Minuten sp\u00e4ter erkl\u00e4rt sie auf Nachfrage, dass in den n\u00e4chsten drei Monaten keine Termine vorhanden sind. Also echt, mein zwanzig Jahre alter Toaster ist auch nicht viel d\u00fcmmer als sie. Aber wenigstens macht er mir Fr\u00fchst\u00fcck und h\u00e4lt er die Klappe!<\/p>\n","protected":false},"excerpt":{"rendered":"<p>Von einigen Bekannten werde ich inzwischen schon verst\u00e4ndnislos angeschaut, weil ich auf meinen zahlreichen Macs immer noch das \u201ealte\u201c Lion 10.7 benutze, also sechs Versionen&hellip;<\/p>\n","protected":false},"author":1,"featured_media":0,"comment_status":"open","ping_status":"open","sticky":false,"template":"","format":"standard","meta":{"footnotes":""},"categories":[2],"tags":[],"class_list":["post-139","post","type-post","status-publish","format-standard","hentry","category-allgemein"],"_links":{"self":[{"href":"https:\/\/sunlion.de\/blog\/index.php\/wp-json\/wp\/v2\/posts\/139","targetHints":{"allow":["GET"]}}],"collection":[{"href":"https:\/\/sunlion.de\/blog\/index.php\/wp-json\/wp\/v2\/posts"}],"about":[{"href":"https:\/\/sunlion.de\/blog\/index.php\/wp-json\/wp\/v2\/types\/post"}],"author":[{"embeddable":true,"href":"https:\/\/sunlion.de\/blog\/index.php\/wp-json\/wp\/v2\/users\/1"}],"replies":[{"embeddable":true,"href":"https:\/\/sunlion.de\/blog\/index.php\/wp-json\/wp\/v2\/comments?post=139"}],"version-history":[{"count":0,"href":"https:\/\/sunlion.de\/blog\/index.php\/wp-json\/wp\/v2\/posts\/139\/revisions"}],"wp:attachment":[{"href":"https:\/\/sunlion.de\/blog\/index.php\/wp-json\/wp\/v2\/media?parent=139"}],"wp:term":[{"taxonomy":"category","embeddable":true,"href":"https:\/\/sunlion.de\/blog\/index.php\/wp-json\/wp\/v2\/categories?post=139"},{"taxonomy":"post_tag","embeddable":true,"href":"https:\/\/sunlion.de\/blog\/index.php\/wp-json\/wp\/v2\/tags?post=139"}],"curies":[{"name":"wp","href":"https:\/\/api.w.org\/{rel}","templated":true}]}}