{"id":143,"date":"2017-07-27T09:49:00","date_gmt":"2017-07-27T07:49:00","guid":{"rendered":"https:\/\/sunlion.de\/wordpress\/2017\/07\/27\/der-die-das-wieso-weshalb-warum\/"},"modified":"2017-07-27T09:49:00","modified_gmt":"2017-07-27T07:49:00","slug":"der-die-das-wieso-weshalb-warum","status":"publish","type":"post","link":"https:\/\/sunlion.de\/blog\/index.php\/2017\/07\/27\/der-die-das-wieso-weshalb-warum\/","title":{"rendered":"Der, die, das, wieso, weshalb, warum \u2026"},"content":{"rendered":"<p>Sehr geehrte Frau Blindert,<\/p>\n<p> wer schreiben will, sollte auch schreiben k\u00f6nnen. Es erstaunt mich, dass eine ehemals renommierte Institution wie Die Welt <a href=\"https:\/\/www.welt.de\/wirtschaft\/bilanz\/article167037808\/Wie-waer-s-denn-mal-mit-gendern.html\">den von Ihnen verzapften Unsinn \u00fcberhaupt in ihr Repertoir aufnahm.<\/a><br \/>&nbsp;&nbsp;&nbsp;&nbsp;&nbsp;Nur mal als Tipp f\u00fcr die Zukunft, damit Sie nicht als Dummk(o)(\u00f6)pf(in) in Verruf geraten: Grammatikalisches und tats\u00e4chliches Geschlecht haben nichts miteinander zu tun! Als Beleg daf\u00fcr ein paar Beispiele:<br \/>&nbsp;&nbsp;&nbsp;&nbsp;&nbsp;Seit Jahrhunderten schon gibt es Organisationen und Verb\u00e4nde, zu denen nur M\u00e4nner Zutritt haben. Trotzdem hei\u00dft es <b>das<\/b> Clubmitglied und nicht <b>der<\/b> Clubmitglied. Woran mag das nur liegen? Und wieso wird die eindeutig weibliche Form einer zuk\u00fcnftigen Frau als <b>das<\/b> M\u00e4dchen bezeichnet und nicht als <b>die<\/b> M\u00e4dchen? Warum haben s\u00e4chliche Dinge sowohl weibliche als auch m\u00e4nnliche Artikel? Warum hei\u00dft es <b>der<\/b> Tisch und <b>die<\/b> Lampe, statt <b>das<\/b> Tisch und <b>das<\/b> Lampe? Wieso k\u00f6nnen <b>die<\/b> L\u00f6wen gleichzeitig m\u00e4nnlich und weiblich sein? Und warum wird daraus <b>das<\/b> L\u00f6wenrudel? Warum wird aus <b>der<\/b> Mann pl\u00f6tzlich <b>die<\/b> M\u00e4nner, sobald sie sich zusammenrudeln?<br \/>&nbsp;&nbsp;&nbsp;&nbsp;&nbsp;Wenn Sie, Frau Blindert, diese Fragen beantworten k\u00f6nnen, werden Sie hoffentlich auch endlich verstehen, was f\u00fcr einen Unsinn Sie da zusammengekritzelt haben.<\/p>\n<p>Mit \u00e4u\u00dferst maskulinen Gr\u00fc\u00dfen (<b>die<\/b> Gr\u00fc\u00dfe!)<br \/><b>Das<\/b> sonnig-flauschige L\u00f6wenk\u00e4tzchen<\/p>\n","protected":false},"excerpt":{"rendered":"<p>Sehr geehrte Frau Blindert, wer schreiben will, sollte auch schreiben k\u00f6nnen. Es erstaunt mich, dass eine ehemals renommierte Institution wie Die Welt den von Ihnen&hellip;<\/p>\n","protected":false},"author":1,"featured_media":0,"comment_status":"open","ping_status":"open","sticky":false,"template":"","format":"standard","meta":{"footnotes":""},"categories":[2],"tags":[],"class_list":["post-143","post","type-post","status-publish","format-standard","hentry","category-allgemein"],"_links":{"self":[{"href":"https:\/\/sunlion.de\/blog\/index.php\/wp-json\/wp\/v2\/posts\/143","targetHints":{"allow":["GET"]}}],"collection":[{"href":"https:\/\/sunlion.de\/blog\/index.php\/wp-json\/wp\/v2\/posts"}],"about":[{"href":"https:\/\/sunlion.de\/blog\/index.php\/wp-json\/wp\/v2\/types\/post"}],"author":[{"embeddable":true,"href":"https:\/\/sunlion.de\/blog\/index.php\/wp-json\/wp\/v2\/users\/1"}],"replies":[{"embeddable":true,"href":"https:\/\/sunlion.de\/blog\/index.php\/wp-json\/wp\/v2\/comments?post=143"}],"version-history":[{"count":0,"href":"https:\/\/sunlion.de\/blog\/index.php\/wp-json\/wp\/v2\/posts\/143\/revisions"}],"wp:attachment":[{"href":"https:\/\/sunlion.de\/blog\/index.php\/wp-json\/wp\/v2\/media?parent=143"}],"wp:term":[{"taxonomy":"category","embeddable":true,"href":"https:\/\/sunlion.de\/blog\/index.php\/wp-json\/wp\/v2\/categories?post=143"},{"taxonomy":"post_tag","embeddable":true,"href":"https:\/\/sunlion.de\/blog\/index.php\/wp-json\/wp\/v2\/tags?post=143"}],"curies":[{"name":"wp","href":"https:\/\/api.w.org\/{rel}","templated":true}]}}