{"id":168,"date":"2017-01-08T20:26:00","date_gmt":"2017-01-08T19:26:00","guid":{"rendered":"https:\/\/sunlion.de\/wordpress\/2017\/01\/08\/die-unheilige-allianz-von-politik-und-medien\/"},"modified":"2017-01-08T20:26:00","modified_gmt":"2017-01-08T19:26:00","slug":"die-unheilige-allianz-von-politik-und-medien","status":"publish","type":"post","link":"https:\/\/sunlion.de\/blog\/index.php\/2017\/01\/08\/die-unheilige-allianz-von-politik-und-medien\/","title":{"rendered":"Die unheilige Allianz von Politik und Medien"},"content":{"rendered":"<p>Bundesma\u00dfregler Maas verk\u00fcndete soeben in der Tagesschau, dass es so einen Fall wie Amri nie wieder geben d\u00fcrfe und man daher erw\u00e4ge, die elektronische Fu\u00dffessel verst\u00e4rkt einzusetzen.<br \/>&nbsp;&nbsp;&nbsp;&nbsp;&nbsp;Okay, Du kleines gr\u00fcnes Maasm\u00e4nnchen \u2026 ach nee, Du bist ja vonne SPD. Also, Maas, pass ma&#8216; uff: \u201eElektronische Fu\u00dffessel\u201c bedeutet nicht, dass die dann damit irgendwo angekettet sind, so wie manche kernig-deutsche Hausfrau am Herd. Oder an der Waschmaschine. Es bedeutet nur, dass man die Deliquenten damit orten kann. Im ung\u00fcnstigsten Fall kann man also feststellen, wo genau sie mit der Fu\u00dffessel einen LKW in eine Menschengruppe gesteuert haben oder in welcher Kirche <a href=\"http:\/\/www.faz.net\/aktuell\/politik\/ausland\/angreifer-in-franzoesischer-kirche-trug-elektronische-fussfessel-14359132.html\">sie damit gerade Amok gelaufen sind<\/a>.<br \/>&nbsp;&nbsp;&nbsp;&nbsp;&nbsp;Dieser Fall zeigt leider mal wieder, dass die etablierten Politiker \u00fcberhaupt keine Ahnung haben, keine echten L\u00f6sungen f\u00fcr aktuelle Probleme und nur dummes Zeug schwatzen, denn es ist ja Wahljahr, es geht also um die Wurst.<br \/>&nbsp;&nbsp;&nbsp;&nbsp;&nbsp;Er zeigt leider auch, dass die Medien noch immer nichts kapiert haben, mehr noch \u2013 dass sie nicht aufgewacht sind, nichts dazugelernt haben sowie unreflektiert und unkommentiert nur stupide das vorlesen, was sie \u201evon oben\u201c vorgesetzt bekommen. Denn dieser Widerspruch h\u00e4tte angesichts des Ereignisses in Frankreich sofort jedem Redakteur auffallen m\u00fcssen.<br \/>&nbsp;&nbsp;&nbsp;&nbsp;&nbsp;Sch\u00e4mt Euch!<\/p>\n","protected":false},"excerpt":{"rendered":"<p>Bundesma\u00dfregler Maas verk\u00fcndete soeben in der Tagesschau, dass es so einen Fall wie Amri nie wieder geben d\u00fcrfe und man daher erw\u00e4ge, die elektronische Fu\u00dffessel&hellip;<\/p>\n","protected":false},"author":1,"featured_media":0,"comment_status":"open","ping_status":"open","sticky":false,"template":"","format":"standard","meta":{"footnotes":""},"categories":[2],"tags":[],"class_list":["post-168","post","type-post","status-publish","format-standard","hentry","category-allgemein"],"_links":{"self":[{"href":"https:\/\/sunlion.de\/blog\/index.php\/wp-json\/wp\/v2\/posts\/168","targetHints":{"allow":["GET"]}}],"collection":[{"href":"https:\/\/sunlion.de\/blog\/index.php\/wp-json\/wp\/v2\/posts"}],"about":[{"href":"https:\/\/sunlion.de\/blog\/index.php\/wp-json\/wp\/v2\/types\/post"}],"author":[{"embeddable":true,"href":"https:\/\/sunlion.de\/blog\/index.php\/wp-json\/wp\/v2\/users\/1"}],"replies":[{"embeddable":true,"href":"https:\/\/sunlion.de\/blog\/index.php\/wp-json\/wp\/v2\/comments?post=168"}],"version-history":[{"count":0,"href":"https:\/\/sunlion.de\/blog\/index.php\/wp-json\/wp\/v2\/posts\/168\/revisions"}],"wp:attachment":[{"href":"https:\/\/sunlion.de\/blog\/index.php\/wp-json\/wp\/v2\/media?parent=168"}],"wp:term":[{"taxonomy":"category","embeddable":true,"href":"https:\/\/sunlion.de\/blog\/index.php\/wp-json\/wp\/v2\/categories?post=168"},{"taxonomy":"post_tag","embeddable":true,"href":"https:\/\/sunlion.de\/blog\/index.php\/wp-json\/wp\/v2\/tags?post=168"}],"curies":[{"name":"wp","href":"https:\/\/api.w.org\/{rel}","templated":true}]}}