{"id":198,"date":"2016-07-03T18:52:00","date_gmt":"2016-07-03T16:52:00","guid":{"rendered":"https:\/\/sunlion.de\/wordpress\/2016\/07\/03\/zaeigns-aemoel-uean-paersoenaelaeueswaeis\/"},"modified":"2016-07-03T18:52:00","modified_gmt":"2016-07-03T16:52:00","slug":"zaeigns-aemoel-uean-paersoenaelaeueswaeis","status":"publish","type":"post","link":"https:\/\/sunlion.de\/blog\/index.php\/2016\/07\/03\/zaeigns-aemoel-uean-paersoenaelaeueswaeis\/","title":{"rendered":"Z\u00e4ign&#8217;s \u00e4m\u00f6l \u00fcan P\u00e4rs\u00f6n\u00e4l\u00e4\u00fcsw\u00e4is!"},"content":{"rendered":"<p>Reisende von und nach Polen m\u00fcssen ab morgen ihren Personalausweis oder Reisepass bei sich f\u00fchren. Das polnische Innenministerium hat bekanntgegeben, einen Monat lang an der Grenze <a href=\"http:\/\/www.ndr.de\/nachrichten\/mecklenburg-vorpommern\/Daenische-Soldaten-uebernehmen-Grenzkontrollen,grenzkontrollen196.html\">stichpunktartige Personenkontrollen durchzuf\u00fchren<\/a>. Aber nicht etwa wegen der <a href=\"http:\/\/www.focus.de\/immobilien\/wohnen\/gegen-den-trend-zahl-der-wohnungseinbrueche-gestiegen_id_3748658.html\">osteurop\u00e4ischen Diebesbanden<\/a>. Auch nicht wegen <a href=\"https:\/\/www.youtube.com\/watch?v=Ua-Qd5ID33g\">der Autodiebe<\/a>. Und schon gar nicht wegen <a href=\"https:\/\/www.google.de\/search?q=waffenschmuggel+von+polen+nach+deutschland&amp;ie=utf-8&amp;oe=utf-8&amp;client=firefox-b&amp;gfe_rd=cr&amp;ei=w095V7mpNo7S8AfGpbqYBA#q=schmuggel+von+polen+nach+deutschland\">schwungvoller Schmuggelei<\/a> von Drogen, Waffen, Zigaretten und Polenb\u00f6llern. Nein-nein, der NATO-Gipfel in Warschau (Milit\u00e4rs sind ja normalerweise vollkommen hilflos und m\u00f6chten gern besch\u00fctzt werden), der Weltjugendtag in Krakau sowie der Papstbesuch Ende Juli sind nat\u00fcrlich der Grund. Warum sollten sich Politiker, egal ob aus Deutschland oder Polen, auch f\u00fcr die Befindlichkeiten ihrer Bev\u00f6lkerung interessieren?<\/p>\n","protected":false},"excerpt":{"rendered":"<p>Reisende von und nach Polen m\u00fcssen ab morgen ihren Personalausweis oder Reisepass bei sich f\u00fchren. Das polnische Innenministerium hat bekanntgegeben, einen Monat lang an der&hellip;<\/p>\n","protected":false},"author":1,"featured_media":0,"comment_status":"open","ping_status":"open","sticky":false,"template":"","format":"standard","meta":{"footnotes":""},"categories":[2],"tags":[],"class_list":["post-198","post","type-post","status-publish","format-standard","hentry","category-allgemein"],"_links":{"self":[{"href":"https:\/\/sunlion.de\/blog\/index.php\/wp-json\/wp\/v2\/posts\/198","targetHints":{"allow":["GET"]}}],"collection":[{"href":"https:\/\/sunlion.de\/blog\/index.php\/wp-json\/wp\/v2\/posts"}],"about":[{"href":"https:\/\/sunlion.de\/blog\/index.php\/wp-json\/wp\/v2\/types\/post"}],"author":[{"embeddable":true,"href":"https:\/\/sunlion.de\/blog\/index.php\/wp-json\/wp\/v2\/users\/1"}],"replies":[{"embeddable":true,"href":"https:\/\/sunlion.de\/blog\/index.php\/wp-json\/wp\/v2\/comments?post=198"}],"version-history":[{"count":0,"href":"https:\/\/sunlion.de\/blog\/index.php\/wp-json\/wp\/v2\/posts\/198\/revisions"}],"wp:attachment":[{"href":"https:\/\/sunlion.de\/blog\/index.php\/wp-json\/wp\/v2\/media?parent=198"}],"wp:term":[{"taxonomy":"category","embeddable":true,"href":"https:\/\/sunlion.de\/blog\/index.php\/wp-json\/wp\/v2\/categories?post=198"},{"taxonomy":"post_tag","embeddable":true,"href":"https:\/\/sunlion.de\/blog\/index.php\/wp-json\/wp\/v2\/tags?post=198"}],"curies":[{"name":"wp","href":"https:\/\/api.w.org\/{rel}","templated":true}]}}