{"id":199,"date":"2016-06-29T20:04:00","date_gmt":"2016-06-29T18:04:00","guid":{"rendered":"https:\/\/sunlion.de\/wordpress\/2016\/06\/29\/ab-herbst-kommt-die-d-mark-wieder-zurueck\/"},"modified":"2016-06-29T20:04:00","modified_gmt":"2016-06-29T18:04:00","slug":"ab-herbst-kommt-die-d-mark-wieder-zurueck","status":"publish","type":"post","link":"https:\/\/sunlion.de\/blog\/index.php\/2016\/06\/29\/ab-herbst-kommt-die-d-mark-wieder-zurueck\/","title":{"rendered":"Ab Herbst kommt die D-Mark wieder zur\u00fcck!"},"content":{"rendered":"<p>EU-Kommissionspr\u00e4sident Juncker kam heute auf die glorreiche Idee, bei der Entscheidung \u00fcber <a href=\"https:\/\/de.wikipedia.org\/wiki\/Comprehensive_Economic_and_Trade_Agreement\">CETA<\/a> die nationalen Parlamente einfach nicht mit einzubeziehen. Au\u00dferdem entschied die EU-Kommission im Alleingang, das umstrittene, mutma\u00dflich krebserregende Glyphosat, das keiner in seiner Nahrung haben will, <a href=\"http:\/\/www.n-tv.de\/politik\/Glyphosat-erhaelt-Gnadenfrist-in-der-EU-article18076301.html\">weiterhin zuzulassen<\/a>. Zudem patentiert das Europ\u00e4ische Patentamt schon seit Jahren Gem\u00fcse, was immer \u00f6fter <a href=\"http:\/\/www.abendblatt.de\/politik\/article207750349\/Gegen-Patent-auf-Gemuese-800-000-Unterschriften-uebergeben.html\">zu heftigen Protesten<\/a> f\u00fchrt.<br \/>&nbsp;&nbsp;&nbsp;&nbsp;&nbsp;Und da wundern sich Politik und Medien dar\u00fcber, dass Gro\u00dfbritannien raus will aus der EU? Wenn die da so weitermachen wie bisher, k\u00f6nnte die <a href=\"http:\/\/de.sputniknews.com\/panorama\/20160628\/310976117\/bulgarien-seherin-wanga-zerfall-europas.html\">rum\u00e4nische Wahrsagerin Wanga<\/a> vielleicht recht behalten, und die EU bricht Ende dieses Jahres auseinander. Dann kommt endlich die gute alte D-Mark zur\u00fcck und eine Tic-Tac-Schachtel <a href=\"http:\/\/sunlions-sonnenseiten.blogspot.de\/search?q=tic+tac\">kostet wieder \u2026 oh mein Gott \u2013 vier Mark sechzig<\/a>!<br \/>&nbsp;&nbsp;&nbsp;&nbsp;&nbsp;Wenn ich&#8217;s mir recht \u00fcberlege, vielleicht doch keine so gute Idee \u2026<\/p>\n","protected":false},"excerpt":{"rendered":"<p>EU-Kommissionspr\u00e4sident Juncker kam heute auf die glorreiche Idee, bei der Entscheidung \u00fcber CETA die nationalen Parlamente einfach nicht mit einzubeziehen. Au\u00dferdem entschied die EU-Kommission im&hellip;<\/p>\n","protected":false},"author":1,"featured_media":0,"comment_status":"open","ping_status":"open","sticky":false,"template":"","format":"standard","meta":{"footnotes":""},"categories":[2],"tags":[],"class_list":["post-199","post","type-post","status-publish","format-standard","hentry","category-allgemein"],"_links":{"self":[{"href":"https:\/\/sunlion.de\/blog\/index.php\/wp-json\/wp\/v2\/posts\/199","targetHints":{"allow":["GET"]}}],"collection":[{"href":"https:\/\/sunlion.de\/blog\/index.php\/wp-json\/wp\/v2\/posts"}],"about":[{"href":"https:\/\/sunlion.de\/blog\/index.php\/wp-json\/wp\/v2\/types\/post"}],"author":[{"embeddable":true,"href":"https:\/\/sunlion.de\/blog\/index.php\/wp-json\/wp\/v2\/users\/1"}],"replies":[{"embeddable":true,"href":"https:\/\/sunlion.de\/blog\/index.php\/wp-json\/wp\/v2\/comments?post=199"}],"version-history":[{"count":0,"href":"https:\/\/sunlion.de\/blog\/index.php\/wp-json\/wp\/v2\/posts\/199\/revisions"}],"wp:attachment":[{"href":"https:\/\/sunlion.de\/blog\/index.php\/wp-json\/wp\/v2\/media?parent=199"}],"wp:term":[{"taxonomy":"category","embeddable":true,"href":"https:\/\/sunlion.de\/blog\/index.php\/wp-json\/wp\/v2\/categories?post=199"},{"taxonomy":"post_tag","embeddable":true,"href":"https:\/\/sunlion.de\/blog\/index.php\/wp-json\/wp\/v2\/tags?post=199"}],"curies":[{"name":"wp","href":"https:\/\/api.w.org\/{rel}","templated":true}]}}