{"id":203,"date":"2016-06-24T18:54:00","date_gmt":"2016-06-24T16:54:00","guid":{"rendered":"https:\/\/sunlion.de\/wordpress\/2016\/06\/24\/die-folgen-des-brexits\/"},"modified":"2016-06-24T18:54:00","modified_gmt":"2016-06-24T16:54:00","slug":"die-folgen-des-brexits","status":"publish","type":"post","link":"https:\/\/sunlion.de\/blog\/index.php\/2016\/06\/24\/die-folgen-des-brexits\/","title":{"rendered":"Die Folgen des Brexits"},"content":{"rendered":"<p>Die Nachrichtensendungen des heutigen Abends jammern, heulen und schimpfen im Panikmodus, angesichts des Ergebnisses der britischen Abstimmung \u00fcber den Austritt aus der EU. Erneut werden die mutma\u00dflichen Folgen in schw\u00e4rzesten Farben beschrieben, die Arbeitslosigkeit, die Wirtschaft, die B\u00f6rse \u2026 das \u00fcbliche Blabla, mit dem bereits vor der Abstimmung ordentlich Stimmung gemacht wurde. Die auf der Stra\u00dfe interviewten Personen jammern mit den Medien im Gleichklang, erstaunlich, dass sowohl bei Pro 7, RTL als auch in der Heute-Sendung des ZDF kaum ein Gegenkandidat zu Wort kam. So macht man Stimmung! Lediglich in den Sondersendungen durften sich ein paar wenige Brexiter \u00e4u\u00dfern. Ansonsten musste der Zuschauer sich Dummheiten anh\u00f6ren, wie die von der blondierten, kaum vollj\u00e4hrigen Tussi: \u201eEs waren \u00fcberwiegend \u00c4ltere, die f\u00fcr den Brexit gestimmt haben, und sp\u00e4ter, wenn es die vielleicht schon gar nicht mehr gibt, dann m\u00fcssen wir mit den Folgen leben!\u201c Ach ja, richtig \u2013 \u00c4ltere sind ja schon altersdement und sollten gar nicht mehr w\u00e4hlen d\u00fcrfen! Tja, Tussi, aber jetzt schalte mal kurz Dein Gehirn ein, wenn Du eins hast, und denk nach: Warum wohl haben gerade \u00c4ltere daf\u00fcr gestimmt? Vielleicht, weil sie Gro\u00dfbritannien noch aus der Zeit vor der EU kennen und wissen, dass es damals besser war und die Insel auch nach einem Austritt nicht untergehen wird?<br \/>&nbsp;&nbsp;&nbsp;&nbsp;&nbsp;Ganz besonders bezeichnend fand ich jedoch eine Stellungnahme der EU \u00fcber die anstehenden Austrittsverhandlungen: Gro\u00dfbritannien werde keinen Sonderstatus erhalten, gegen\u00fcber anderen Nicht-EU-Staaten. Man werde die Verhandlungen mit harten Bandagen f\u00fchren, schon <b>um m\u00f6gliche Nachahmer abzuschrecken<\/b>!<br \/>&nbsp;&nbsp;&nbsp;&nbsp;&nbsp;Nein, das war kein Witz! Das haben die wirklich gesagt! Erstaunlich, wie unbek\u00fcmmert die Vertreter der Europ\u00e4ischen Union eingestehen, dass Druck, Zwang und Angst zul\u00e4ssige Bestandteile des politischen Instrumentariums sind!<br \/>&nbsp;&nbsp;&nbsp;&nbsp;&nbsp;Doch wenn die Gem\u00fcter sich irgendwann beruhigt haben und die Entscheidungen wieder von den rational handelnden Global Playern getroffen werden, also den Gro\u00dfkonzernen und Banken, dann wird man mit Sicherheit schnell wieder individuelle Regelungen f\u00fcr die Beziehungen mit Gro\u00dfbritannien finden, schlie\u00dflich w\u00e4re es ja schade, wenn die Ums\u00e4tze unter dem Austritt leiden. Es wird Sonderregelungen geben f\u00fcr grenz\u00fcberschreitend Werkt\u00e4tige, f\u00fcr Steuern, Finanzen, Z\u00f6lle, und nat\u00fcrlich f\u00fcr Reisende. 1995 gab es die EU schlie\u00dflich auch noch nicht, und trotzdem habe ich auf meiner Reise nach London keine f\u00fcnf Minuten an der Grenze warten m\u00fcssen. Die Kontrolle selbst verlief unkompliziert wie anderswo auch, etwa an der polnischen oder tschechischen Grenze. Oder bei der Fahrt nach \u00d6sterreich. Der Schweiz. Frankreich \u2026<\/p>\n","protected":false},"excerpt":{"rendered":"<p>Die Nachrichtensendungen des heutigen Abends jammern, heulen und schimpfen im Panikmodus, angesichts des Ergebnisses der britischen Abstimmung \u00fcber den Austritt aus der EU. Erneut werden&hellip;<\/p>\n","protected":false},"author":1,"featured_media":0,"comment_status":"open","ping_status":"open","sticky":false,"template":"","format":"standard","meta":{"footnotes":""},"categories":[2],"tags":[],"class_list":["post-203","post","type-post","status-publish","format-standard","hentry","category-allgemein"],"_links":{"self":[{"href":"https:\/\/sunlion.de\/blog\/index.php\/wp-json\/wp\/v2\/posts\/203","targetHints":{"allow":["GET"]}}],"collection":[{"href":"https:\/\/sunlion.de\/blog\/index.php\/wp-json\/wp\/v2\/posts"}],"about":[{"href":"https:\/\/sunlion.de\/blog\/index.php\/wp-json\/wp\/v2\/types\/post"}],"author":[{"embeddable":true,"href":"https:\/\/sunlion.de\/blog\/index.php\/wp-json\/wp\/v2\/users\/1"}],"replies":[{"embeddable":true,"href":"https:\/\/sunlion.de\/blog\/index.php\/wp-json\/wp\/v2\/comments?post=203"}],"version-history":[{"count":0,"href":"https:\/\/sunlion.de\/blog\/index.php\/wp-json\/wp\/v2\/posts\/203\/revisions"}],"wp:attachment":[{"href":"https:\/\/sunlion.de\/blog\/index.php\/wp-json\/wp\/v2\/media?parent=203"}],"wp:term":[{"taxonomy":"category","embeddable":true,"href":"https:\/\/sunlion.de\/blog\/index.php\/wp-json\/wp\/v2\/categories?post=203"},{"taxonomy":"post_tag","embeddable":true,"href":"https:\/\/sunlion.de\/blog\/index.php\/wp-json\/wp\/v2\/tags?post=203"}],"curies":[{"name":"wp","href":"https:\/\/api.w.org\/{rel}","templated":true}]}}