{"id":222,"date":"2016-04-26T08:45:00","date_gmt":"2016-04-26T06:45:00","guid":{"rendered":"https:\/\/sunlion.de\/wordpress\/2016\/04\/26\/spd-chef-gabriel-laesst-die-hosen-herunter\/"},"modified":"2016-04-26T08:45:00","modified_gmt":"2016-04-26T06:45:00","slug":"spd-chef-gabriel-laesst-die-hosen-herunter","status":"publish","type":"post","link":"https:\/\/sunlion.de\/blog\/index.php\/2016\/04\/26\/spd-chef-gabriel-laesst-die-hosen-herunter\/","title":{"rendered":"SPD-Chef Gabriel l\u00e4\u00dft die Hosen herunter"},"content":{"rendered":"<p>Und wieder einmal zeigt die <a href=\"http:\/\/sunlions-sonnenseiten.blogspot.de\/search?q=SPD\">Arbeiterklassenverr\u00e4terpartei SPD<\/a> mit Sigmar Gabriel an der Spitze ihre h\u00e4\u00dfliche, undemokratische Fratze: Angesichts der Pr\u00e4sidentenwahl in \u00d6sterreich f\u00e4llt Gabriel nichts Besseres ein als: \u201e<a href=\"http:\/\/www.zeit.de\/politik\/ausland\/2016-04\/norbert-hofer-oesterreich-fpoe-stichwahl-aufruf-verhinderung#comment-form\">Alle demokratischen Parteien sollten nun gemeinsam Hofers Wahl zum Staatschef verhindern.<\/a>\u201c Da\u00df es sich dabei nicht nur um eine Einmischung deutscher Politiker in die inneren Angelegenheiten \u00d6sterreichs sondern auch um eine Mi\u00dfachtung der demokratische gef\u00e4llten Entscheidung der \u00f6sterreichischen Bev\u00f6lkerung handelt, kommt ihm anscheinend nicht in den Sinn. Aber was erwartet man auch von Berufspolitikern, die einzig und allein ihren Machterhalt ganz oben auf die politische Agenda gesetzt haben, und denen die Bed\u00fcrfnisse der Bev\u00f6lkerung v\u00f6llig am Arsch vorbeigehen.<br \/>&nbsp;&nbsp;&nbsp;&nbsp;&nbsp;Aber je weniger lernf\u00e4hig Gabriel und Konsorten sind, desto besser f\u00fcr uns, denn dann werden sie bei n\u00e4chster Gelegenheit angesichts der katastrophalen Wahlergebnisse ebenso bedr\u00f6ppelt aus der W\u00e4sche gucken, wie ihre \u00f6sil\u00e4ndischen Kollegen am letzten Sonntag.<\/p>\n","protected":false},"excerpt":{"rendered":"<p>Und wieder einmal zeigt die Arbeiterklassenverr\u00e4terpartei SPD mit Sigmar Gabriel an der Spitze ihre h\u00e4\u00dfliche, undemokratische Fratze: Angesichts der Pr\u00e4sidentenwahl in \u00d6sterreich f\u00e4llt Gabriel nichts&hellip;<\/p>\n","protected":false},"author":1,"featured_media":0,"comment_status":"open","ping_status":"open","sticky":false,"template":"","format":"standard","meta":{"footnotes":""},"categories":[2],"tags":[],"class_list":["post-222","post","type-post","status-publish","format-standard","hentry","category-allgemein"],"_links":{"self":[{"href":"https:\/\/sunlion.de\/blog\/index.php\/wp-json\/wp\/v2\/posts\/222","targetHints":{"allow":["GET"]}}],"collection":[{"href":"https:\/\/sunlion.de\/blog\/index.php\/wp-json\/wp\/v2\/posts"}],"about":[{"href":"https:\/\/sunlion.de\/blog\/index.php\/wp-json\/wp\/v2\/types\/post"}],"author":[{"embeddable":true,"href":"https:\/\/sunlion.de\/blog\/index.php\/wp-json\/wp\/v2\/users\/1"}],"replies":[{"embeddable":true,"href":"https:\/\/sunlion.de\/blog\/index.php\/wp-json\/wp\/v2\/comments?post=222"}],"version-history":[{"count":0,"href":"https:\/\/sunlion.de\/blog\/index.php\/wp-json\/wp\/v2\/posts\/222\/revisions"}],"wp:attachment":[{"href":"https:\/\/sunlion.de\/blog\/index.php\/wp-json\/wp\/v2\/media?parent=222"}],"wp:term":[{"taxonomy":"category","embeddable":true,"href":"https:\/\/sunlion.de\/blog\/index.php\/wp-json\/wp\/v2\/categories?post=222"},{"taxonomy":"post_tag","embeddable":true,"href":"https:\/\/sunlion.de\/blog\/index.php\/wp-json\/wp\/v2\/tags?post=222"}],"curies":[{"name":"wp","href":"https:\/\/api.w.org\/{rel}","templated":true}]}}