{"id":227,"date":"2016-04-15T19:38:00","date_gmt":"2016-04-15T17:38:00","guid":{"rendered":"https:\/\/sunlion.de\/wordpress\/2016\/04\/15\/am-vorabend-der-revolution\/"},"modified":"2016-04-15T19:38:00","modified_gmt":"2016-04-15T17:38:00","slug":"am-vorabend-der-revolution","status":"publish","type":"post","link":"https:\/\/sunlion.de\/blog\/index.php\/2016\/04\/15\/am-vorabend-der-revolution\/","title":{"rendered":"Am Vorabend der Revolution"},"content":{"rendered":"<p>Bereits in <a href=\"http:\/\/www.amazon.de\/dp\/B01DSU1VRO\">meinem Buch<\/a> schrieb ich, da\u00df soziale Ungerechtigkeiten in Frankreich stets ein hei\u00dfes Eisen sind und zu mehr oder weniger heftigen Aus&shy;ein&shy;ander&shy;setzungen f\u00fchren. Nun isses also mal wieder soweit, die Nachrichten vermeldeten soeben, da\u00df es in Frankreich <a href=\"http:\/\/www.heute.de\/nuit-debout-ausschreitungen-am-rande-von-protesten-in-paris-43107068.html\">zu schweren Ausschreitungen kam<\/a>. Die Regierung unter Staatspr\u00e4sident Hollande versucht wohl gerade, eine Arbeitsrechtsreform durchzusetzen. Laut Medien sollen die Ausschreitungen bereits revolutions&shy;\u00e4hnlichen Charakter gehabt haben. Kein Wunder, k\u00f6nnten die Folgen f\u00fcr die franz\u00f6sischen Arbeitnehmer doch <a href=\"https:\/\/www.sozialismus.info\/2016\/03\/frankreich-massenprotest-gegen-arbeitsrechtsreform\/\">\u00e4hnlich verheerend sein<\/a>, wie f\u00fcr deutsche Arbeitnehmer die Agenda 2010, die in den unmenschlichen und unertr\u00e4glichen Hartz-4-Gesetzen gipfelte, und zwar mit allen drastischen Nebenwirkungen, wie Sklaverei durch Androhung von Sanktionen, 1-Euro-Jobs und daraus resul&shy;tierender Armut durch zu niedrige Renten, die \u00fcbrigens auf Grund der Renten&shy;anpassung mittlerweile auch Menschen mit ganz normalem Einkommen betrifft. Wie etwa mich.<br \/>&nbsp;&nbsp;&nbsp;&nbsp;&nbsp;Fragt sich nur, warum es in Deutschland nicht auch entsprechende Reaktionen auf der Stra\u00dfe gab, als die Agenda umgesetzt wurde. Wie die Sch\u00e4fchen lie\u00dfen wir uns von <a href=\"http:\/\/sunlions-sonnenseiten.blogspot.de\/2013\/08\/sunlions-wahl-o-mat.html\">SPD und Gr\u00fcnen<\/a> zur Schlachtbank f\u00fchren, und die Gewerkschaften machten munter mit.<br \/>&nbsp;&nbsp;&nbsp;&nbsp;&nbsp;Aber vielleicht mahlen die deutschen Arbeitnehmerm\u00fchlen einfach nur etwas langsamer, denn wenn man den aktuellen Umfragen Glauben schenken darf, so steht es um die etablierten Parteien derzeit <a href=\"http:\/\/www.wahlumfragen.org\/bundestagswahl\/\">gar nicht gut<\/a>. Die SPD schrammelt teilweise schon unterhalb der 20-Prozent-Marke entlang und die Gr\u00fcnen d\u00fcmpeln irgendwo bei der H\u00e4lfte dahin, gleichauf mit der AfD. Die hat \u00fcbrigens ver&shy;sprochen, Hartz 4 abzuschaffen und durch eine \u201eaktivierende Grund&shy;versorgung\u201c zu ersetzen. Dies wird allerdings von unterschiedlichen Seiten teilweise recht hart kritisiert, insbesondere mit Blick auf die vorgeschlagene Privatisierung der Arbeits&shy;losenversicherung. Die Kommentare reichen von \u201eAbschaffung des Solidargedankes\u201c bis hin zum \u201eAbbau des Sozialstaates\u201c. Es bleibt also offen, ob das, was derzeit schon <a href=\"http:\/\/www.prenzlauerberg-nachrichten.de\/politik\/_\/jobcenter-pankow-macht-keinen-guten-job-171492.html\">unmenschlich und schlimm<\/a> ist, noch viel schlimmer werden kann. Immerhin ist die Sozialhilfe ja noch im Grundgesetz verankert. Also wenn mich das mal nicht beruhigt \u2026<\/p>\n","protected":false},"excerpt":{"rendered":"<p>Bereits in meinem Buch schrieb ich, da\u00df soziale Ungerechtigkeiten in Frankreich stets ein hei\u00dfes Eisen sind und zu mehr oder weniger heftigen Aus&shy;ein&shy;ander&shy;setzungen f\u00fchren. Nun&hellip;<\/p>\n","protected":false},"author":1,"featured_media":0,"comment_status":"open","ping_status":"open","sticky":false,"template":"","format":"standard","meta":{"footnotes":""},"categories":[2],"tags":[],"class_list":["post-227","post","type-post","status-publish","format-standard","hentry","category-allgemein"],"_links":{"self":[{"href":"https:\/\/sunlion.de\/blog\/index.php\/wp-json\/wp\/v2\/posts\/227","targetHints":{"allow":["GET"]}}],"collection":[{"href":"https:\/\/sunlion.de\/blog\/index.php\/wp-json\/wp\/v2\/posts"}],"about":[{"href":"https:\/\/sunlion.de\/blog\/index.php\/wp-json\/wp\/v2\/types\/post"}],"author":[{"embeddable":true,"href":"https:\/\/sunlion.de\/blog\/index.php\/wp-json\/wp\/v2\/users\/1"}],"replies":[{"embeddable":true,"href":"https:\/\/sunlion.de\/blog\/index.php\/wp-json\/wp\/v2\/comments?post=227"}],"version-history":[{"count":0,"href":"https:\/\/sunlion.de\/blog\/index.php\/wp-json\/wp\/v2\/posts\/227\/revisions"}],"wp:attachment":[{"href":"https:\/\/sunlion.de\/blog\/index.php\/wp-json\/wp\/v2\/media?parent=227"}],"wp:term":[{"taxonomy":"category","embeddable":true,"href":"https:\/\/sunlion.de\/blog\/index.php\/wp-json\/wp\/v2\/categories?post=227"},{"taxonomy":"post_tag","embeddable":true,"href":"https:\/\/sunlion.de\/blog\/index.php\/wp-json\/wp\/v2\/tags?post=227"}],"curies":[{"name":"wp","href":"https:\/\/api.w.org\/{rel}","templated":true}]}}