{"id":23,"date":"2021-12-06T19:49:00","date_gmt":"2021-12-06T18:49:00","guid":{"rendered":"https:\/\/sunlion.de\/blog\/index.php\/2021\/12\/06\/die-blonde-stimme-ist-verstummt\/"},"modified":"2021-12-06T19:49:00","modified_gmt":"2021-12-06T18:49:00","slug":"die-blonde-stimme-ist-verstummt","status":"publish","type":"post","link":"https:\/\/sunlion.de\/blog\/index.php\/2021\/12\/06\/die-blonde-stimme-ist-verstummt\/","title":{"rendered":"Die blonde Stimme ist verstummt"},"content":{"rendered":"<p>Mitte der Achtziger schlenderte ich gelangweilt durch ein Schallplattengesch\u00e4ft in Ost-Berlin. Das Angebot war bekanntlich nicht sonderlich attraktiv, \u00fcberwiegend Musiker aus der DDR, vielleicht noch die eine oder andere Single von westlichen Bands, die in Lizenzproduktion hergestellt wurden. LPs von ausl\u00e4ndischen Bands waren nur unterm Ladentisch zu bekommen, und das auch nur, wenn man Beziehungen hatte. Die hatte ich damals noch nicht, also musste ich mit dem Rest vorlieb nehmen.<br \/>Beim St\u00f6bern entdeckte ich pl\u00f6tzlich ein <a href=\"https:\/\/www.muzeum-hudby.cz\/vinyl-detail\/omega-elo-omega-kisstadion-79-2lp-3312540?en\">Live-Album<\/a> der ungarischen Band Omega, die ich bis dahin noch nicht gekannt hatte. Die H\u00fclle enthielt zwei Schallplatten und hob sich schon durch das kreative Design, die Druckqualit\u00e4t und das gl\u00e4nzende Cover vom traurigen Rest im Laden ab. Ohne auch nur einmal reinzuh\u00f6ren, kaufte ich das Album, was jedem Werbeskeptiker verdeutlichen sollte, wie wichtig eine attraktive Produktverpackung ist.<br \/>&nbsp;&nbsp;&nbsp;&nbsp;&nbsp;Es war ein Gl\u00fccksgriff! Die Musik aus den Sechzigern und Siebzigern war ungew\u00f6hnlich kreativ und konnte mit westlichen Bands der Zeit locker mithalten. Die ungarischen Texte sind f\u00fcr westliche Ohren zwar ungew\u00f6hnlich, aber nach kurzer Gew\u00f6hnungszeit macht die Musik richtig Spa\u00df, zumal Ungarisch eine sehr wohlklingende Sprache ist. Das Album gilt unter Audiofans \u00fcbrigens als eine der besten Live-Aufnahmen der damaligen Zeit. Nachdem es mir gelang, mangels vern\u00fcnftigem Equipment zwei Monoplattenspieler durch trickreiches Zusammenst\u00f6pseln auf Stereo umzupolen, stand ich pl\u00f6tzlich mitten drin im Stadion, umringt von tobenden Fans. Die erste Stereo-Erfahrung im Leben vergisst man nie.<br \/>&nbsp;&nbsp;&nbsp;&nbsp;&nbsp;Sp\u00e4ter, Mitte der Neunziger, entdeckte ich das Album in Form zweier CDs in einem Kaufhaus und entschied mich, es erst nach meinem Urlaub zu erwerben. Bl\u00f6de Idee! Ich habe die CDs nie wieder gesehen, und auch bei Ebay sind sie nicht zu kriegen, denn wer sie ergattern konnte, gibt sie nicht wieder her.<br \/>&nbsp;&nbsp;&nbsp;&nbsp;&nbsp;Heute nun habe ich erfahren, dass der blonde S\u00e4nger Janos Kobor <a href=\"https:\/\/www.nordkurier.de\/nachrichten\/ticker\/omega-frontmann-janos-kobor-gestorben-0646210712.html\">am Montag verstorben ist<\/a>. Zwei weitere Bandmitglieder sind vor einigen Monaten bereits von uns gegangen.<br \/>&nbsp;&nbsp;&nbsp;&nbsp;&nbsp;Zum Gedenken empfehle ich den Superhit \u201eEjfeli koncert\u201c, nat\u00fcrlich in der Liveversion mit Orchester und unbedingt laut! Die deutsche \u00dcbersetzung erlaubt uns einen Einblick in den Backstagebereich einer gro\u00dfen, auch international erfolgreichen Rockband, deren Ende mit dem Ableben des charismatischen S\u00e4ngers nun leider besiegelt sein d\u00fcrfte:<\/p>\n<p> <b>Mitternachtskonzert<\/b><\/p>\n<p> Herzersch\u00fctternder Sonnenuntergang hinter dem Kessel,<br \/>wo vor dem Konzert uns zehntausend erwarten.<br \/>Weiter hinten bei den Kulissen<br \/>sch\u00fcttelt ein \u00e4lterer Mann seinen Kopf und schenkt sich noch mal ein.<\/p>\n<p> Zehntausend Herzen trommeln gemeinsam,<br \/>die T\u00f6ne explodieren.<br \/>In der aufleuchtenden Nacht scheint es,<br \/>als ob zehntausend St\u00fchle sich zueinander neigten.<\/p>\n<p> Der Nebelzauber ist aus, nur eins bewegt uns.<br \/>Runter von der B\u00fchne, wieder auf die Erde.<br \/>Der zeitungsbleiche Mond scheint,<br \/>alles ist ausgestorben. Der Abend ist f\u00fcr immer vergangen.<\/p>\n<p> Es leben so viele Menschen auf der Erde,<br \/>so m\u00fcde wie ich ist keiner.<br \/>Ich schau auf ein zerknittertes Foto von uns,<br \/>es liegt auf der Erde. Der Wind hebt es dann sanft empor.<\/p>\n<p>  <iframe loading=\"lazy\" allowfullscreen=\"\" youtube-src- width=\"760\" height=\"500\" src=\"https:\/\/www.youtube.com\/embed\/OSr1dQ3grxU\"><\/iframe><\/p>\n","protected":false},"excerpt":{"rendered":"<p>Mitte der Achtziger schlenderte ich gelangweilt durch ein Schallplattengesch\u00e4ft in Ost-Berlin. Das Angebot war bekanntlich nicht sonderlich attraktiv, \u00fcberwiegend Musiker aus der DDR, vielleicht noch&hellip;<\/p>\n","protected":false},"author":1,"featured_media":0,"comment_status":"open","ping_status":"open","sticky":false,"template":"","format":"standard","meta":{"footnotes":""},"categories":[2],"tags":[],"class_list":["post-23","post","type-post","status-publish","format-standard","hentry","category-allgemein"],"_links":{"self":[{"href":"https:\/\/sunlion.de\/blog\/index.php\/wp-json\/wp\/v2\/posts\/23","targetHints":{"allow":["GET"]}}],"collection":[{"href":"https:\/\/sunlion.de\/blog\/index.php\/wp-json\/wp\/v2\/posts"}],"about":[{"href":"https:\/\/sunlion.de\/blog\/index.php\/wp-json\/wp\/v2\/types\/post"}],"author":[{"embeddable":true,"href":"https:\/\/sunlion.de\/blog\/index.php\/wp-json\/wp\/v2\/users\/1"}],"replies":[{"embeddable":true,"href":"https:\/\/sunlion.de\/blog\/index.php\/wp-json\/wp\/v2\/comments?post=23"}],"version-history":[{"count":0,"href":"https:\/\/sunlion.de\/blog\/index.php\/wp-json\/wp\/v2\/posts\/23\/revisions"}],"wp:attachment":[{"href":"https:\/\/sunlion.de\/blog\/index.php\/wp-json\/wp\/v2\/media?parent=23"}],"wp:term":[{"taxonomy":"category","embeddable":true,"href":"https:\/\/sunlion.de\/blog\/index.php\/wp-json\/wp\/v2\/categories?post=23"},{"taxonomy":"post_tag","embeddable":true,"href":"https:\/\/sunlion.de\/blog\/index.php\/wp-json\/wp\/v2\/tags?post=23"}],"curies":[{"name":"wp","href":"https:\/\/api.w.org\/{rel}","templated":true}]}}