{"id":24,"date":"2021-12-01T22:08:00","date_gmt":"2021-12-01T21:08:00","guid":{"rendered":"https:\/\/sunlion.de\/blog\/index.php\/2021\/12\/01\/die-falle-ist-zugeschnappt\/"},"modified":"2021-12-01T22:08:00","modified_gmt":"2021-12-01T21:08:00","slug":"die-falle-ist-zugeschnappt","status":"publish","type":"post","link":"https:\/\/sunlion.de\/blog\/index.php\/2021\/12\/01\/die-falle-ist-zugeschnappt\/","title":{"rendered":"Die Falle ist zugeschnappt"},"content":{"rendered":"<p>Der von vielen erhoffte Befreiungsschlag ist ausgeblieben. <a href=\"https:\/\/www.bundesverfassungsgericht.de\/SharedDocs\/Pressemitteilungen\/DE\/2021\/bvg21-101.html\">Das Urteil<\/a> des Bundesverfassungsgerichtes zum Thema Corona ist eine Katastrophe, <a href=\"https:\/\/www.epochtimes.de\/politik\/deutschland\/das-kann-unmoeglich-das-letzte-wort-sein-anwalt-kritisiert-bundesverfassungsgericht-a3649505.html\">ein echter Schock<\/a><\/a>! Ausnahmslos alle staatlichen Ma\u00dfnahmen wie Kontakt&shy;beschr\u00e4nkungen, Beschr\u00e4nkungen von Freizeit- und Kultureinrichtungen, Ladengesch\u00e4ften, Sport, Gastst\u00e4tten usw. wurden als mit dem Grundgesetz vereinbar bezeichnet. Dabei spottet schon der Satz: \u201eW\u00e4hrend des Gesetzgebungsverfahrens waren dar\u00fcber hinaus fachliche Stellungnahmen zu allen relevanten Fragen \u00f6ffentlich verf\u00fcgbar und wurden breit diskutiert\u201c jeder Beschreibung. Eine breite \u00f6ffentliche Diskussion? Viele der mir bekannten ernstzunehmenden Ma\u00dfnahmengegner, darunter mehrere habilitierte \u00c4rzte und Wissenschaftler wie der bekannte Prof. Sucharit Bhakdi, Dr. Wolfgang Wodarg und Prof. Dr. Ulrike K\u00e4mmerer wurden gar nicht \u00f6ffentlich geh\u00f6rt oder konnten ihre Meinung in deutschen, \u00f6ffentlich-rechtlichen Fernsehsendungen nicht zur Diskussion stellen, was erstaunlich ist, denn es handelt sich um ausgewiesene Kapazit\u00e4ten in ihrem Fachbereich. Bhagdi hat als <a href=\"https:\/\/idw-online.de\/de\/news56598\">Epidemiologe und Mikrobiologe<\/a> in Deutschland mehrere tausend \u00c4rzte ausgebildet. Wodarg machte sich einen Namen als Mitglied bei Transparency International und als Ghostbuster, <a href=\"https:\/\/de.wikipedia.org\/wiki\/Wolfgang_Wodarg\">der die Hintergr\u00fcnde des Schweinegrippen-Epidemie-Skandals aufdeckte<\/a>. Und K\u00e4mmerer hatte bereits bei diversen Verfahren vor Amtgerichten als beratende Expertin zur Seite gestanden, zum Beispiel als es um die <a href=\"https:\/\/www.youtube.com\/watch?v=Ymer59vTrSA\">F\u00e4higkeiten des PCR-Tests ging<\/a>, der im Grunde nur nachweisen kann, dass die Molek\u00fclabschnitte des Virus, auf den er spezifiziert wurde, vorhanden sind, nicht jedoch, ob es sich um komplette vermehrungsf\u00e4hige Viren handelt, und schon gar nicht, ob die infizierte Person auch daran erkranken wird.<br \/>&nbsp;&nbsp;&nbsp;&nbsp;&nbsp;Das w\u00e4re aber wichtig, denn aus den Testergebnissen speist sich die <a href=\"https:\/\/www.youtube.com\/watch?v=AkjBBcfcBnw\">sogenannte 7-Tage-Inzidenz<\/a>, ein Wert, der angibt, wie viele Personen von 100.000 getesteten ein positives Ergebnis hatten. Und auch hier gibt es Kritiker, welche die <a href=\"https:\/\/www.youtube.com\/watch?v=nEPiOEkkWzg\">Berechnungsgrundlage in Frage stellen<\/a>, zum Beispiel weil negative Tests in den Berechnungen nicht ber\u00fccksichtigt wurden.<br \/>&nbsp;&nbsp;&nbsp;&nbsp;&nbsp;Sicher, ihre Ansichten <a href=\"https:\/\/de.wikipedia.org\/wiki\/Sucharit_Bhakdi#Haltung_zur_COVID-19-Pandemie\">sind umstritten<\/a>. Aber gerade deshalb w\u00e4re eine \u00f6ffentliche Diskussion unter gleichrangigen Experten wichtig gewesen, denn nichts ist wirkungsvoller, als nach einer hieb- und stichfesten wissenschaftlichen Beweisf\u00fchrung der Gegenseite \u00f6ffentlich bekennen zu m\u00fcssen, man hat sich geirrt. Das h\u00e4tte den Ma\u00dfnahmenkritikern schlagartig den Wind aus den Segeln genommen und vielleicht so manche <a href=\"https:\/\/sunlion.de\/wordpress\/2020\/08\/30\/ein-samstag-in-berlin\/\">Querdenker-Demo<\/a> im Keim erstickt. Doch anscheinend war das nicht gew\u00fcnscht. Teile und herrsche.<br \/>&nbsp;&nbsp;&nbsp;&nbsp;&nbsp;Sie alle kamen nicht zu Wort. Stattdessen wurden sie diffamiert und diskreditiert, insbesondere von sogenannten Faktencheckern, in deren Teams wohl meist <a href=\"https:\/\/correctiv.org\/ueber-uns\/\">nicht ein einziger Mediziner zu finden ist<\/a>.  Stattdessen dr\u00fcckten zwielichtige Gestalten wie Karl Lauterbach mehr oder weniger regelm\u00e4\u00dfig mit ihrem Hintern die Studiosessel platt. Letztes Jahr konnte er <a href=\"https:\/\/www.tonight.de\/unterhaltung\/tv\/karl-lauterbach-hatte-2020-die-meisten-talkshow-auftritte_103586.html\">31 Mal seine Corona-Panik unters Fernsehvolk bringen<\/a>. Fachlich fundierte Aussagen, wie man sie von oben genannten Personen massenhaft im Internet findet, habe ich von ihm nicht ein einziges Mal geh\u00f6rt.<br \/> &nbsp;&nbsp;&nbsp;&nbsp;&nbsp;Mit diesem verheerenden Urteil hat das Bundesverfassungsgericht nun staatlicher Willk\u00fcr T\u00fcr und Tor ge\u00f6ffnet. Mit den bisher schon genutzten, umstrittenen Zutaten wie Tests und Inzidenzien, k\u00f6nnen die Regierenden die sogenannte Pandemie noch unendlich lange weiter ausdehnen. Zweimal im Jahr kommt eine neue Mutante vorbeigerauscht, diesmal <a href=\"https:\/\/www.tagesschau.de\/inland\/gesellschaft\/corona-virus-variante-faq-101.html\">Omikron aus S\u00fcdafrika<\/a>, selbstverst\u00e4ndlich gef\u00e4hrlicher und t\u00f6dlicher als je zuvor, Karl Lauterbach steht schon bereit. Das nat\u00fcrliche saisonale Grippegeschehen, welches uns seit Jahrtausenden begleitet, wobei eine Grippewelle nicht nur von Influenza- sondern auch von Corona-Viren bestimmt wird, kann so zweimal im Jahr zur Einschr\u00e4nkung b\u00fcrgerlicher Freiheiten missbraucht werden. Auf Ewigkeit, ahmen!<br \/>&nbsp;&nbsp;&nbsp;&nbsp;&nbsp;Der zuk\u00fcnftige Bundeskanzler Scholz hatte sich \u00fcbrigens noch im September gegen eine Impfpflicht ausgesprochen, nat\u00fcrlich nicht eindeutig, sondern in sch\u00f6nstem verklausuliertem Politikerkauderwelsch: \u201e<a href=\"https:\/\/www.bild.de\/politik\/inland\/politik-inland\/es-ist-nicht-nur-scholz-die-impfpflicht-umkipper-78404716.bild.html\"> \u201eIch finde es falsch, wenn jetzt eine Debatte beginnt \u00fcber Impfpflichten und \u00e4hnliches\u201c<\/a>. Doch pl\u00f6tzlich, kaum ist die Wahl gelaufen und der Drops gelutscht, setzt er sich f\u00fcr eine Impfpflicht ein! Nach Hartz 4, Rentenk\u00fcrzung und <a href=\"https:\/\/sunlion.de\/wordpress\/search?q=SPD\">Pipapo<\/a> einmal mehr: Wer hat uns verraten? Sozialdemokraten! Dass diese L\u00fcgner abends noch in den Spiegel sehen k\u00f6nnen, ist schon erstaunlich. Und war da nicht noch eine andere Sache, die gegen Krankheiten sch\u00fctzt, warte mal, wie hie\u00df die gleich, irgendwas mit I. Ach ja, richtig \u2013 Immunsystem?<br \/> &nbsp;&nbsp;&nbsp;&nbsp;&nbsp;Nach dem Gef\u00e4lligkeitsurteil des Bundesverfassungsgerichtes k\u00f6nnen wir uns nun an f\u00fcnf Fingern abz\u00e4hlen, wie eine Verfassungsklage gegen die Impfpflicht ausgehen w\u00fcrde. Aber die Impfung ist ja sicher! Und wir sind bislang noch keine Aliens geworden, <a href=\"https:\/\/www.kreiszeitung.de\/politik\/olaf-scholz-spd-kanzlerkandidat-streit-um-impfpflicht-wir-sind-alle-noch-keine-aliens-geworden-90917707.html\">sagte Olaf Scholz erst k\u00fcrzlich<\/a>. Gl\u00fcck gehabt! <a href=\"https:\/\/sciencefiles.org\/2021\/12\/01\/2-642-138-nebenwirkungen-ab-wann-ist-impfpflicht-vorsaetzliche-koerperverletzung-who-datenbank\/\">Bis jetzt<\/a>! Und hie\u00df es nicht urspr\u00fcnglich: Zweimal geimpft reicht vollkommen aus? Nee, halt \u2013 erst mit Booster ist man wirklich sicher! Vielleicht ist aber auch <a href=\"https:\/\/reitschuster.de\/post\/wieler-zum-boostern-es-ist-ein-gutes-abo-denn-es-ist-kostenlos\/\">ein Booster-Abo n\u00f6tig<\/a>! Man muss es f\u00fcnfmal spritzen, beim f\u00fcnften Mal klappts immer!<br \/> &nbsp;&nbsp;&nbsp;&nbsp;&nbsp;In medizinischen Bereichen gibt es bekanntlich <a href=\"https:\/\/www.instagram.com\/p\/CW8D213KH9Y\/\">jetzt schon zu wenig Pflegekr\u00e4fte<\/a>. Das ist der Grund f\u00fcr die immer wieder auftretenden \u00dcberlastungen auf Intensivstationen, nicht Corona. Aber auch das k\u00fcmmerte das Bundesverfassungsgericht nicht. Der Status Quo muss beibehalten werden.<br \/> &nbsp;&nbsp;&nbsp;&nbsp;&nbsp;Wenn nun die Impfpflicht in Pflegeberufen eingef\u00fchrt wird, werden weitere Pflegekr\u00e4fte k\u00fcndigen. Das f\u00fchrt dann zu noch mehr \u00dcberlastung. Merkt Ihr was? Mit der \u00dcberlastung als Begr\u00fcndung kann es mit den Grundrechte-Einschr\u00e4nkungen <a href=\"https:\/\/www.heise.de\/tp\/features\/Pflegenotstand-droht-sich-zu-verschaerfen-6281445.html\">ewig so weitergehen<\/a>. Mehr K\u00fcndigungen, weniger Nachwuchs, die \u00e4lteren Kr\u00e4fte gehen in Rente. Und am Ende ist niemand mehr da, also wird das Land zugesperrt, f\u00fcr immer und ewig, um das Gesundheitswesen nicht zu \u00fcberlasten.<br \/> &nbsp;&nbsp;&nbsp;&nbsp;&nbsp;Wieviel Pflegekr\u00e4fte h\u00e4tte man wohl f\u00fcr die <a href=\"https:\/\/www.tagesspiegel.de\/wirtschaft\/2-25-billionen-euro-staatsschulden-steigen-durch-corona-kosten-auf-rekordhoehe\/27659240.html\">75 Milliarden Euro<\/a> neu hinzugewinnen k\u00f6nnen, wenn man auf alle anderen Ma\u00dfnahmen verzichtet und das Geld in die Ausbildung und bessere Bezahlung gesteckt h\u00e4tte? Ich verrat&#8217;s Euch: Bei einem Monatsgehalt von 10.000 Euro Brutto und einer Arbeitszeit von 20 Jahren, genau 31.250 Personen (bei gleichzeitiger Anpassung der Geh\u00e4lter von bereits t\u00e4tigen Pflegern entsprechend weniger).<br \/> &nbsp;&nbsp;&nbsp;&nbsp;Warum tue ich mir das hier eigentlich an? Weil ich den Vorwurf meines ersten West-Chefs nach der Wende nicht mehr aus dem Kopf bekomme, als er angesichts der viel zu lange ertragenen DDR-Diktatur sagte: \u201eWarum habt ihr nichts getan?\u201c<br \/>&nbsp;&nbsp;&nbsp;&nbsp;Nach dem gestrigen Schock habe ich beschlossen, etwas zu tun. Soeben habe ich einen Anwalt kontaktiert, um mit ihm die M\u00f6glichkeiten zu er\u00f6rtern, gegen die <a href=\"https:\/\/impfentscheidung.online\/wp-content\/uploads\/2021\/10\/Gutachten-Die-Verfassungswidrigkeit-des-indirekten-Corona-Impfzwangs.pdf\">mutma\u00dflich verfassungswidrigen 2G- und vor allem 2G-plus-Regeln<\/a> juristisch vorzugehen. Warum m\u00fcssen Geimpfte und Genesene noch einen tagesaktuellen Test machen, wenn sie doch geimpft und genesen sind? Warum d\u00fcrfen Nichtgeimpfte und -genesene dies nicht in Anspruch nehmen? Entweder ist der Test positiv oder negativ, was spielt da der Impfstatus f\u00fcr eine Rolle?<br \/>&nbsp;&nbsp;&nbsp;&nbsp;Das k\u00f6nnte teuer werden, also \u2013 liebe Million\u00e4re \u2013 wenn Ihr Gutes tun wollt, nur zu!<\/p>\n","protected":false},"excerpt":{"rendered":"<p>Der von vielen erhoffte Befreiungsschlag ist ausgeblieben. Das Urteil des Bundesverfassungsgerichtes zum Thema Corona ist eine Katastrophe, ein echter Schock! Ausnahmslos alle staatlichen Ma\u00dfnahmen wie&hellip;<\/p>\n","protected":false},"author":1,"featured_media":0,"comment_status":"open","ping_status":"open","sticky":false,"template":"","format":"standard","meta":{"footnotes":""},"categories":[2],"tags":[],"class_list":["post-24","post","type-post","status-publish","format-standard","hentry","category-allgemein"],"_links":{"self":[{"href":"https:\/\/sunlion.de\/blog\/index.php\/wp-json\/wp\/v2\/posts\/24","targetHints":{"allow":["GET"]}}],"collection":[{"href":"https:\/\/sunlion.de\/blog\/index.php\/wp-json\/wp\/v2\/posts"}],"about":[{"href":"https:\/\/sunlion.de\/blog\/index.php\/wp-json\/wp\/v2\/types\/post"}],"author":[{"embeddable":true,"href":"https:\/\/sunlion.de\/blog\/index.php\/wp-json\/wp\/v2\/users\/1"}],"replies":[{"embeddable":true,"href":"https:\/\/sunlion.de\/blog\/index.php\/wp-json\/wp\/v2\/comments?post=24"}],"version-history":[{"count":0,"href":"https:\/\/sunlion.de\/blog\/index.php\/wp-json\/wp\/v2\/posts\/24\/revisions"}],"wp:attachment":[{"href":"https:\/\/sunlion.de\/blog\/index.php\/wp-json\/wp\/v2\/media?parent=24"}],"wp:term":[{"taxonomy":"category","embeddable":true,"href":"https:\/\/sunlion.de\/blog\/index.php\/wp-json\/wp\/v2\/categories?post=24"},{"taxonomy":"post_tag","embeddable":true,"href":"https:\/\/sunlion.de\/blog\/index.php\/wp-json\/wp\/v2\/tags?post=24"}],"curies":[{"name":"wp","href":"https:\/\/api.w.org\/{rel}","templated":true}]}}