{"id":320,"date":"2015-01-17T18:57:00","date_gmt":"2015-01-17T17:57:00","guid":{"rendered":"https:\/\/sunlion.de\/wordpress\/2015\/01\/17\/von-allah-fehlgeleitet\/"},"modified":"2015-01-17T18:57:00","modified_gmt":"2015-01-17T17:57:00","slug":"von-allah-fehlgeleitet","status":"publish","type":"post","link":"https:\/\/sunlion.de\/blog\/index.php\/2015\/01\/17\/von-allah-fehlgeleitet\/","title":{"rendered":"Von Allah fehlgeleitet"},"content":{"rendered":"<p>Liebe Muslime,<\/p>\n<p>es ist ja sehr nett von Euch, da\u00df Ihr Euch zusammentut und f\u00fcr die Presse- und Meinungsfreiheit Mahnwachen abhaltet, angesichts des Terrors von Paris. Aber mu\u00dften es nun ausgerechnet <a href=\"http:\/\/www.zeit.de\/gesellschaft\/zeitgeschehen\/2015-01\/mahnwachen-muslime-deutschland-pressefreiheit\">RTL und Springer sein<\/a>? Dschungelcamp? Gute Zeiten schlechte Zeiten? DSDS? <a href=\"http:\/\/sunlions-sonnenseiten.blogspot.de\/2014\/03\/immer-nur-stre.html\">Berlin Tag und Nacht?<\/a> Bild-Zeitung? Ich glaube, kein in Deutschland lebender Christ, Jude oder Atheist, der noch alle Seiten im Gebetsbuch beziehungsweise alle Kekse in der Dose hat, h\u00e4tte ernsthaft etwas dagegen, wenn dort mal jemand mit &#8217;ner Flinte vorbeispaziert und gr\u00fcndlich saubermacht. Und das ZDF ist nun auch nicht unbedingt ein positives Beispiel f\u00fcr die fortschrittliche Entwicklung der menschlichen Zivilisation. Zumindest nicht, seit Klaus Kleber k\u00fcrzlich den wohlverdienten <a href=\"https:\/\/propagandaschau.wordpress.com\/2014\/12\/28\/maulhure-des-jahres-2014-wahlergebnis-und-laudatio\/\">Oskar der Medienbranche<\/a> erhalten hat.<br \/>Also beim n\u00e4chsten mal vielleicht doch noch etwas genauer \u00fcberpr\u00fcfen, wo Ihr Euch davorstellt. Bitte! Danke!<\/p>\n<p><span style=\"font-size:18px;\">\u0627\u0644\u0633\u0644\u0627\u0645 \u0639\u0644\u064a\u0643\u0645<\/span><br \/>Euer Sunlion<\/p>\n","protected":false},"excerpt":{"rendered":"<p>Liebe Muslime, es ist ja sehr nett von Euch, da\u00df Ihr Euch zusammentut und f\u00fcr die Presse- und Meinungsfreiheit Mahnwachen abhaltet, angesichts des Terrors von&hellip;<\/p>\n","protected":false},"author":1,"featured_media":0,"comment_status":"open","ping_status":"open","sticky":false,"template":"","format":"standard","meta":{"footnotes":""},"categories":[2],"tags":[],"class_list":["post-320","post","type-post","status-publish","format-standard","hentry","category-allgemein"],"_links":{"self":[{"href":"https:\/\/sunlion.de\/blog\/index.php\/wp-json\/wp\/v2\/posts\/320","targetHints":{"allow":["GET"]}}],"collection":[{"href":"https:\/\/sunlion.de\/blog\/index.php\/wp-json\/wp\/v2\/posts"}],"about":[{"href":"https:\/\/sunlion.de\/blog\/index.php\/wp-json\/wp\/v2\/types\/post"}],"author":[{"embeddable":true,"href":"https:\/\/sunlion.de\/blog\/index.php\/wp-json\/wp\/v2\/users\/1"}],"replies":[{"embeddable":true,"href":"https:\/\/sunlion.de\/blog\/index.php\/wp-json\/wp\/v2\/comments?post=320"}],"version-history":[{"count":0,"href":"https:\/\/sunlion.de\/blog\/index.php\/wp-json\/wp\/v2\/posts\/320\/revisions"}],"wp:attachment":[{"href":"https:\/\/sunlion.de\/blog\/index.php\/wp-json\/wp\/v2\/media?parent=320"}],"wp:term":[{"taxonomy":"category","embeddable":true,"href":"https:\/\/sunlion.de\/blog\/index.php\/wp-json\/wp\/v2\/categories?post=320"},{"taxonomy":"post_tag","embeddable":true,"href":"https:\/\/sunlion.de\/blog\/index.php\/wp-json\/wp\/v2\/tags?post=320"}],"curies":[{"name":"wp","href":"https:\/\/api.w.org\/{rel}","templated":true}]}}