{"id":322,"date":"2015-01-08T09:31:00","date_gmt":"2015-01-08T08:31:00","guid":{"rendered":"https:\/\/sunlion.de\/wordpress\/2015\/01\/08\/der-tod-von-paris\/"},"modified":"2015-01-08T09:31:00","modified_gmt":"2015-01-08T08:31:00","slug":"der-tod-von-paris","status":"publish","type":"post","link":"https:\/\/sunlion.de\/blog\/index.php\/2015\/01\/08\/der-tod-von-paris\/","title":{"rendered":"Der Tod von Paris"},"content":{"rendered":"<p>Mal abgesehen davon, da\u00df ich Pressefreiheit zwar f\u00fcr n\u00fctzlich und unabdingbar, es aber nicht f\u00fcr besonders schlau halte, sich \u00fcber Religionen, die sich, historisch betrachtet, teilweise noch im Mittelalter befinden und mit wutschnaubender Zerst\u00f6rungswut alles daf\u00fcr tun, damit das so bleibt, auch noch lustig zu machen, finde ich die gerade bekannt werdenden Umst\u00e4nde des Pariser Attentats auf die Satirezeitschrift Charlie Hebdo h\u00f6chst verd\u00e4chtig. Anscheinend sind die T\u00e4ter mittlerweile bekannt, in der <a href=\"http:\/\/www.berliner-zeitung.de\/politik\/----liveticker-zur-schiesserei-beim-satiremagazin--charlie-hebdo,10808018,29499660.html\">Berliner Zeitung steht<\/a>: \u201eDie Attent\u00e4ter von Paris haben auf ihrer Flucht angeblich einen schweren Fehler gemacht und die Polizei auf ihre Spur gebracht. Wie die franz\u00f6sische Zeitschrift \u201eLe Point\u201c schreibt, h\u00e4tten die Terroristen einen Personalausweis in ihrem Fluchtwagen vergessen, als sie am Rande der Hauptstadt das Auto wechselten.\u201c<br \/>Sorry, aber f\u00fcr mich sieht das Ganze damit schon wieder wie eine Geheimdienstaktion aus. Da wird ein Attentat minuti\u00f6s geplant, sogar der Zeitpunkt ist perfekt gew\u00e4hlt, als die Redaktion komplett bei einer Besprechung sitzt, und dann vergessen die Attent\u00e4ter zuf\u00e4llig ihren Personalausweis? Also echt, Zuf\u00e4lle gibt&#8217;s \u2026<\/p>\n","protected":false},"excerpt":{"rendered":"<p>Mal abgesehen davon, da\u00df ich Pressefreiheit zwar f\u00fcr n\u00fctzlich und unabdingbar, es aber nicht f\u00fcr besonders schlau halte, sich \u00fcber Religionen, die sich, historisch betrachtet,&hellip;<\/p>\n","protected":false},"author":1,"featured_media":0,"comment_status":"open","ping_status":"open","sticky":false,"template":"","format":"standard","meta":{"footnotes":""},"categories":[2],"tags":[],"class_list":["post-322","post","type-post","status-publish","format-standard","hentry","category-allgemein"],"_links":{"self":[{"href":"https:\/\/sunlion.de\/blog\/index.php\/wp-json\/wp\/v2\/posts\/322","targetHints":{"allow":["GET"]}}],"collection":[{"href":"https:\/\/sunlion.de\/blog\/index.php\/wp-json\/wp\/v2\/posts"}],"about":[{"href":"https:\/\/sunlion.de\/blog\/index.php\/wp-json\/wp\/v2\/types\/post"}],"author":[{"embeddable":true,"href":"https:\/\/sunlion.de\/blog\/index.php\/wp-json\/wp\/v2\/users\/1"}],"replies":[{"embeddable":true,"href":"https:\/\/sunlion.de\/blog\/index.php\/wp-json\/wp\/v2\/comments?post=322"}],"version-history":[{"count":0,"href":"https:\/\/sunlion.de\/blog\/index.php\/wp-json\/wp\/v2\/posts\/322\/revisions"}],"wp:attachment":[{"href":"https:\/\/sunlion.de\/blog\/index.php\/wp-json\/wp\/v2\/media?parent=322"}],"wp:term":[{"taxonomy":"category","embeddable":true,"href":"https:\/\/sunlion.de\/blog\/index.php\/wp-json\/wp\/v2\/categories?post=322"},{"taxonomy":"post_tag","embeddable":true,"href":"https:\/\/sunlion.de\/blog\/index.php\/wp-json\/wp\/v2\/tags?post=322"}],"curies":[{"name":"wp","href":"https:\/\/api.w.org\/{rel}","templated":true}]}}