{"id":447,"date":"2014-02-27T11:58:00","date_gmt":"2014-02-27T10:58:00","guid":{"rendered":"https:\/\/sunlion.de\/wordpress\/2014\/02\/27\/warum-ein-europa-in-der-gegenwaertigen-form-undemokratisch-ist\/"},"modified":"2014-02-27T11:58:00","modified_gmt":"2014-02-27T10:58:00","slug":"warum-ein-europa-in-der-gegenwaertigen-form-undemokratisch-ist","status":"publish","type":"post","link":"https:\/\/sunlion.de\/blog\/index.php\/2014\/02\/27\/warum-ein-europa-in-der-gegenwaertigen-form-undemokratisch-ist\/","title":{"rendered":"Warum ein Europa in der gegenw\u00e4rtigen Form undemokratisch ist"},"content":{"rendered":"<p>Angesichts der sich weltweit \u00fcberschlagenden Ereignisse hat es mir in den letzten Wochen ein wenig die Sprache verschlagen \u2013 Schweizer Volksabstimmung und die Hetze der Medien, Demonstrationen in der Ukraine, Winterolympiade und die medien\u00fcbergreifende, antirussische Propaganda, Genmais in Europa \u2026<br \/>Was sich hinter vielen dieser Ereignisse verbirgt, fa\u00dft der \u00d6konom, Jurist und Bundesverdienstkreuztr\u00e4ger Professor Hamer in seinem ausf\u00fchrlichen Artikel <a href=\"http:\/\/www.zeit-fragen.ch\/index.php?id=1723\">\u201eEuropa, h\u00f6re das Schweizer Signal\u201c<\/a> eindrucksvoll zusammen. Und ich kann nur jedem empfehlen, ihn sich genau durchzulesen und sich bei der anstehenden <a href=\"http:\/\/de.wikipedia.org\/wiki\/Europawahl_2014\">Europawahl<\/a> gut zu \u00fcberlegen, welche der Parteien ins Rennen geschickt werden soll, damit der <a href=\"http:\/\/www.welt.de\/wirtschaft\/article125236157\/Hartz-Gesetze-ruinieren-Vermoegen-vieler-Deutscher.html\">Schaden f\u00fcr uns<\/a> nicht noch gr\u00f6\u00dfer wird. Denn was die gro\u00dfe Koalition aus CDU und SPD dank ihrer Stimmenmehrheit als erstes fertiggebracht hat, <a href=\"http:\/\/www.tagesspiegel.de\/meinung\/einzwischenrufzur-diaetenerhoehung-erst-das-fressen-nie-die-moral\/9522898.html\">spottet jeder Beschreibung<\/a>.<\/p>\n","protected":false},"excerpt":{"rendered":"<p>Angesichts der sich weltweit \u00fcberschlagenden Ereignisse hat es mir in den letzten Wochen ein wenig die Sprache verschlagen \u2013 Schweizer Volksabstimmung und die Hetze der&hellip;<\/p>\n","protected":false},"author":1,"featured_media":0,"comment_status":"open","ping_status":"open","sticky":false,"template":"","format":"standard","meta":{"footnotes":""},"categories":[2],"tags":[],"class_list":["post-447","post","type-post","status-publish","format-standard","hentry","category-allgemein"],"_links":{"self":[{"href":"https:\/\/sunlion.de\/blog\/index.php\/wp-json\/wp\/v2\/posts\/447","targetHints":{"allow":["GET"]}}],"collection":[{"href":"https:\/\/sunlion.de\/blog\/index.php\/wp-json\/wp\/v2\/posts"}],"about":[{"href":"https:\/\/sunlion.de\/blog\/index.php\/wp-json\/wp\/v2\/types\/post"}],"author":[{"embeddable":true,"href":"https:\/\/sunlion.de\/blog\/index.php\/wp-json\/wp\/v2\/users\/1"}],"replies":[{"embeddable":true,"href":"https:\/\/sunlion.de\/blog\/index.php\/wp-json\/wp\/v2\/comments?post=447"}],"version-history":[{"count":0,"href":"https:\/\/sunlion.de\/blog\/index.php\/wp-json\/wp\/v2\/posts\/447\/revisions"}],"wp:attachment":[{"href":"https:\/\/sunlion.de\/blog\/index.php\/wp-json\/wp\/v2\/media?parent=447"}],"wp:term":[{"taxonomy":"category","embeddable":true,"href":"https:\/\/sunlion.de\/blog\/index.php\/wp-json\/wp\/v2\/categories?post=447"},{"taxonomy":"post_tag","embeddable":true,"href":"https:\/\/sunlion.de\/blog\/index.php\/wp-json\/wp\/v2\/tags?post=447"}],"curies":[{"name":"wp","href":"https:\/\/api.w.org\/{rel}","templated":true}]}}