{"id":54,"date":"2021-01-10T09:55:00","date_gmt":"2021-01-10T08:55:00","guid":{"rendered":"https:\/\/sunlion.de\/wordpress\/2021\/01\/10\/da-hilft-nur-keulung\/"},"modified":"2021-01-10T09:55:00","modified_gmt":"2021-01-10T08:55:00","slug":"da-hilft-nur-keulung","status":"publish","type":"post","link":"https:\/\/sunlion.de\/blog\/index.php\/2021\/01\/10\/da-hilft-nur-keulung\/","title":{"rendered":"Da hilft nur Keulung!"},"content":{"rendered":"<p>Oh, vollkommen Veredelter! Ber\u00fcckend Verbl\u00fcffender! Oder ganz orthodox: Mehr oder weniger geehrter Berliner B\u00fcrgermeister!<\/p>\n<p> Da hast Du nun die Demonstranten vor dem Reichstag mit Wasserwerfern nasspieseln lassen, alle nachfolgenden Demonstrationen verboten, die Schulen geschlossen, sportliche Gruppenaktivit\u00e4ten untersagt und Gesch\u00e4fte, Restaurants und Friseure dichtgemacht, sodass in K\u00fcrze vermutlich eine gigantische Pleitewelle durch Stadt und Land rollen wird. Trotzdem muss ich heute lesen, und zwar nicht auf den sogenannten verschw\u00f6rungstheoretisch-rechtspopulistischen Fake-News-Verbreitungsseiten, dass die 7-Tage-Inzidenz noch immer ansteigt und sich in Richtung <a href=\"https:\/\/www.berlin.de\/aktuelles\/berlin\/6408943-958092-sieben-tage-inzidenz-steigt-auf-fast-200.html\">200 bewegt<\/a>. Sollte sie nicht eigentlich wieder unter 50 sinken?<br \/>&nbsp;&nbsp;&nbsp;&nbsp;&nbsp;Da frage ich mich doch besorgt \u2013 wie geht es jetzt weiter? Einschr\u00e4nkung des Bewegungsradius auf 15 km, dann auf f\u00fcnf, danach amtliches Festbinden ans Bett, und wenn das alles nichts hilft, Notschlachtung, so wie man&#8217;s bei H\u00fchnern macht? Oder kommt Dir vielleicht irgendwann doch noch mal die Erkenntnis, dass Einsperren der falsche Weg ist, so wie es auch von <a href=\"https:\/\/www.rubikon.news\/artikel\/der-fortgesetzte-fehlalarm\">verschiedenen Fachleuten best\u00e4tigt wird<\/a> und wie es auch <a href=\"https:\/\/www.youtube.com\/watch?v=m47KNQDVBYI\">allm\u00e4hlich in der Politik bekanntzuwerden scheint<\/a>?<\/p>\n<p> Wie gewohnt ohne Gr\u00fc\u00dfe<br \/>Sunlion<\/p>\n","protected":false},"excerpt":{"rendered":"<p>Oh, vollkommen Veredelter! Ber\u00fcckend Verbl\u00fcffender! Oder ganz orthodox: Mehr oder weniger geehrter Berliner B\u00fcrgermeister! Da hast Du nun die Demonstranten vor dem Reichstag mit Wasserwerfern&hellip;<\/p>\n","protected":false},"author":1,"featured_media":0,"comment_status":"open","ping_status":"open","sticky":false,"template":"","format":"standard","meta":{"footnotes":""},"categories":[2],"tags":[],"class_list":["post-54","post","type-post","status-publish","format-standard","hentry","category-allgemein"],"_links":{"self":[{"href":"https:\/\/sunlion.de\/blog\/index.php\/wp-json\/wp\/v2\/posts\/54","targetHints":{"allow":["GET"]}}],"collection":[{"href":"https:\/\/sunlion.de\/blog\/index.php\/wp-json\/wp\/v2\/posts"}],"about":[{"href":"https:\/\/sunlion.de\/blog\/index.php\/wp-json\/wp\/v2\/types\/post"}],"author":[{"embeddable":true,"href":"https:\/\/sunlion.de\/blog\/index.php\/wp-json\/wp\/v2\/users\/1"}],"replies":[{"embeddable":true,"href":"https:\/\/sunlion.de\/blog\/index.php\/wp-json\/wp\/v2\/comments?post=54"}],"version-history":[{"count":0,"href":"https:\/\/sunlion.de\/blog\/index.php\/wp-json\/wp\/v2\/posts\/54\/revisions"}],"wp:attachment":[{"href":"https:\/\/sunlion.de\/blog\/index.php\/wp-json\/wp\/v2\/media?parent=54"}],"wp:term":[{"taxonomy":"category","embeddable":true,"href":"https:\/\/sunlion.de\/blog\/index.php\/wp-json\/wp\/v2\/categories?post=54"},{"taxonomy":"post_tag","embeddable":true,"href":"https:\/\/sunlion.de\/blog\/index.php\/wp-json\/wp\/v2\/tags?post=54"}],"curies":[{"name":"wp","href":"https:\/\/api.w.org\/{rel}","templated":true}]}}